{"id":35207,"date":"2025-02-12T09:54:09","date_gmt":"2025-02-12T07:54:09","guid":{"rendered":"https:\/\/www.helsinkimissio.fi\/?p=35207"},"modified":"2025-02-12T09:56:53","modified_gmt":"2025-02-12T07:56:53","slug":"school-to-belong-kompisvecka","status":"publish","type":"post","link":"https:\/\/www.helsinkimissio.fi\/sv\/aktuellt\/school-to-belong-kompisvecka\/","title":{"rendered":"School to Belong kompisvecka 10.2\u201316.2"},"content":{"rendered":"\n<section  class=\"block  block-content-wrapper container-fluid \">\n    <div class=\"container\">\n        <div class=\"row  flex-start col-12\" style=\"justify-content: flex-start; \">\n                            <div class=\"\">\n                                    <main class=\"entry-content\">\n                        \n\n<h2 class=\"wp-block-heading\"><strong>School to Belong kompisvecka 10.2\u201316.2<\/strong><\/h2>\n\n\n\n<figure class=\"wp-block-image size-large\"><img decoding=\"async\" width=\"1024\" height=\"576\" src=\"https:\/\/www.helsinkimissio.fi\/wp-content\/uploads\/2023\/12\/School-To-Belong-Website-BG_Join-The-Cause-Hor-1024x576.png\" alt=\"\" class=\"wp-image-27017\" srcset=\"https:\/\/www.helsinkimissio.fi\/wp-content\/uploads\/2023\/12\/School-To-Belong-Website-BG_Join-The-Cause-Hor-1024x576.png 1024w, https:\/\/www.helsinkimissio.fi\/wp-content\/uploads\/2023\/12\/School-To-Belong-Website-BG_Join-The-Cause-Hor-300x169.png 300w, https:\/\/www.helsinkimissio.fi\/wp-content\/uploads\/2023\/12\/School-To-Belong-Website-BG_Join-The-Cause-Hor-768x432.png 768w, https:\/\/www.helsinkimissio.fi\/wp-content\/uploads\/2023\/12\/School-To-Belong-Website-BG_Join-The-Cause-Hor-1536x864.png 1536w, https:\/\/www.helsinkimissio.fi\/wp-content\/uploads\/2023\/12\/School-To-Belong-Website-BG_Join-The-Cause-Hor-600x337.png 600w, https:\/\/www.helsinkimissio.fi\/wp-content\/uploads\/2023\/12\/School-To-Belong-Website-BG_Join-The-Cause-Hor.png 1921w\" sizes=\"(max-width: 575px) 100vw, (max-width: 767px) 510px, (max-width: 991px) 290px, (max-width: 1199px) 530px, 840px\" \/><\/figure>\n\n\n\n<p>School to Belong -programmet ordnar kompisveckan 10\u201316.2 med specialprogram, olika aktiviteter och utmaningar som uppmuntrar till v\u00e4nlighet och gemenskap p\u00e5 l\u00e4roanstalter. I \u00e5r samarbetar vi med skoln\u00e4tverket Haru f\u00f6r att n\u00e5 ut till s\u00e5 m\u00e5nga som m\u00f6jligt.<\/p>\n\n\n\n<p>Programmet uppmuntrar b\u00e5de elever och skolpersonal att delta i v\u00e5r gemensamma sn\u00e4llhetsutmaning. N\u00e4r du g\u00f6r n\u00e5got gott f\u00f6r n\u00e5gon annan aktiveras hj\u00e4rnans bel\u00f6ningscentrum och unga f\u00e5r en extra dos av dopamin och oxytocin \u2013 hormoner som f\u00e5r en att m\u00e5 bra, ber\u00e4ttar <strong>Ragnhild Bang Nes<\/strong>, psykolog vid det norska folkh\u00e4lsoinstitutet.<\/p>\n\n\n\n<p>Alla kan vara med i utmaningen \u2013 skriv ut utmaningen och s\u00e4tt upp den p\u00e5 exempelvis arbetsplatsen!<\/p>\n\n\n\n<p><strong>Tillsammans kan vi g\u00f6ra v\u00e4rlden lite varmare!<\/strong><\/p>\n\n\n\n<p><a href=\"https:\/\/www.helsinkimissio.fi\/sv\/schooltobelong\/\">L\u00e4s mer om School to Belong<\/a><\/p>\n\n\n                    <\/main>\n                    <\/div>\n                <\/div>\n        <\/div>\n<\/section>","protected":false},"excerpt":{"rendered":"","protected":false},"author":28,"featured_media":27017,"comment_status":"closed","ping_status":"open","sticky":false,"template":"","format":"standard","meta":{"_acf_changed":false,"_relevanssi_hide_post":"","_relevanssi_hide_content":"","_relevanssi_pin_for_all":"","_relevanssi_pin_keywords":"","_relevanssi_unpin_keywords":"","_relevanssi_related_keywords":"","_relevanssi_related_include_ids":"","_relevanssi_related_exclude_ids":"","_relevanssi_related_no_append":"","_relevanssi_related_not_related":"","_relevanssi_related_posts":"33786,30274,29350,15771,30266,21315","_relevanssi_noindex_reason":"","footnotes":""},"categories":[195],"tags":[249],"class_list":["post-35207","post","type-post","status-publish","format-standard","has-post-thumbnail","hentry","category-aktuellt","tag-school-to-belong-sv"],"acf":[],"yoast_head":"<!-- This site is optimized with the Yoast SEO plugin v27.4 - https:\/\/yoast.com\/product\/yoast-seo-wordpress\/ -->\n<title>School to Belong kompisvecka 10.2\u201316.2 &#8212; HelsinkiMissio<\/title>\n<meta name=\"description\" content=\"P\u00e5 School to Belong ordnar vi kompisveckan 10\u201316.2 med specialprogram, olika aktiviteter och utmaningar som uppmuntrar till v\u00e4nlighet och gemenskap. I \u00e5r samarbetar vi med skoln\u00e4tverket Haru f\u00f6r att n\u00e5 ut till s\u00e5 m\u00e5nga som m\u00f6jligt.\" \/>\n<meta name=\"robots\" content=\"index, follow, max-snippet:-1, max-image-preview:large, max-video-preview:-1\" \/>\n<link rel=\"canonical\" href=\"https:\/\/www.helsinkimissio.fi\/sv\/aktuellt\/school-to-belong-kompisvecka\/\" \/>\n<meta property=\"og:locale\" content=\"sv_SE\" \/>\n<meta property=\"og:type\" content=\"article\" \/>\n<meta property=\"og:title\" content=\"School to Belong kompisvecka 10.2\u201316.2 &#8212; HelsinkiMissio\" \/>\n<meta property=\"og:description\" content=\"P\u00e5 School to Belong ordnar vi kompisveckan 10\u201316.2 med specialprogram, olika aktiviteter och utmaningar som uppmuntrar till v\u00e4nlighet och gemenskap. I \u00e5r samarbetar vi med skoln\u00e4tverket Haru f\u00f6r att n\u00e5 ut till s\u00e5 m\u00e5nga som m\u00f6jligt.\" \/>\n<meta property=\"og:url\" content=\"https:\/\/www.helsinkimissio.fi\/sv\/aktuellt\/school-to-belong-kompisvecka\/\" \/>\n<meta property=\"og:site_name\" content=\"HelsinkiMissio\" \/>\n<meta property=\"article:publisher\" content=\"https:\/\/www.facebook.com\/HelsinkiMissio\/\" \/>\n<meta property=\"article:published_time\" content=\"2025-02-12T07:54:09+00:00\" \/>\n<meta property=\"article:modified_time\" content=\"2025-02-12T07:56:53+00:00\" \/>\n<meta property=\"og:image\" content=\"https:\/\/www.helsinkimissio.fi\/wp-content\/uploads\/2023\/12\/School-To-Belong-Website-BG_Join-The-Cause-Hor.png\" \/>\n\t<meta property=\"og:image:width\" content=\"1921\" \/>\n\t<meta property=\"og:image:height\" content=\"1080\" \/>\n\t<meta property=\"og:image:type\" content=\"image\/png\" \/>\n<meta name=\"author\" content=\"mimosadegerth\" \/>\n<meta name=\"twitter:card\" content=\"summary_large_image\" \/>\n<meta name=\"twitter:creator\" content=\"@HelsinkiMissio\" \/>\n<meta name=\"twitter:site\" content=\"@HelsinkiMissio\" \/>\n<meta name=\"twitter:label1\" content=\"Skriven av\" \/>\n\t<meta name=\"twitter:data1\" content=\"mimosadegerth\" \/>\n\t<meta name=\"twitter:label2\" content=\"Ber\u00e4knad l\u00e4stid\" \/>\n\t<meta name=\"twitter:data2\" content=\"3 minuter\" \/>\n<script type=\"application\/ld+json\" class=\"yoast-schema-graph\">{\"@context\":\"https:\\\/\\\/schema.org\",\"@graph\":[{\"@type\":\"Article\",\"@id\":\"https:\\\/\\\/www.helsinkimissio.fi\\\/sv\\\/aktuellt\\\/school-to-belong-kompisvecka\\\/#article\",\"isPartOf\":{\"@id\":\"https:\\\/\\\/www.helsinkimissio.fi\\\/sv\\\/aktuellt\\\/school-to-belong-kompisvecka\\\/\"},\"author\":{\"name\":\"mimosadegerth\",\"@id\":\"https:\\\/\\\/www.helsinkimissio.fi\\\/sv\\\/#\\\/schema\\\/person\\\/47ee4c04422ac83da894e7bd65a37484\"},\"headline\":\"School to Belong kompisvecka 10.2\u201316.2\",\"datePublished\":\"2025-02-12T07:54:09+00:00\",\"dateModified\":\"2025-02-12T07:56:53+00:00\",\"mainEntityOfPage\":{\"@id\":\"https:\\\/\\\/www.helsinkimissio.fi\\\/sv\\\/aktuellt\\\/school-to-belong-kompisvecka\\\/\"},\"wordCount\":146,\"publisher\":{\"@id\":\"https:\\\/\\\/www.helsinkimissio.fi\\\/sv\\\/#organization\"},\"image\":{\"@id\":\"https:\\\/\\\/www.helsinkimissio.fi\\\/sv\\\/aktuellt\\\/school-to-belong-kompisvecka\\\/#primaryimage\"},\"thumbnailUrl\":\"https:\\\/\\\/www.helsinkimissio.fi\\\/wp-content\\\/uploads\\\/2023\\\/12\\\/School-To-Belong-Website-BG_Join-The-Cause-Hor.png\",\"keywords\":[\"School to Belong\"],\"articleSection\":[\"Aktuellt\"],\"inLanguage\":\"sv-SE\"},{\"@type\":\"WebPage\",\"@id\":\"https:\\\/\\\/www.helsinkimissio.fi\\\/sv\\\/aktuellt\\\/school-to-belong-kompisvecka\\\/\",\"url\":\"https:\\\/\\\/www.helsinkimissio.fi\\\/sv\\\/aktuellt\\\/school-to-belong-kompisvecka\\\/\",\"name\":\"School to Belong kompisvecka 10.2\u201316.2 &#8212; HelsinkiMissio\",\"isPartOf\":{\"@id\":\"https:\\\/\\\/www.helsinkimissio.fi\\\/sv\\\/#website\"},\"primaryImageOfPage\":{\"@id\":\"https:\\\/\\\/www.helsinkimissio.fi\\\/sv\\\/aktuellt\\\/school-to-belong-kompisvecka\\\/#primaryimage\"},\"image\":{\"@id\":\"https:\\\/\\\/www.helsinkimissio.fi\\\/sv\\\/aktuellt\\\/school-to-belong-kompisvecka\\\/#primaryimage\"},\"thumbnailUrl\":\"https:\\\/\\\/www.helsinkimissio.fi\\\/wp-content\\\/uploads\\\/2023\\\/12\\\/School-To-Belong-Website-BG_Join-The-Cause-Hor.png\",\"datePublished\":\"2025-02-12T07:54:09+00:00\",\"dateModified\":\"2025-02-12T07:56:53+00:00\",\"description\":\"P\u00e5 School to Belong ordnar vi kompisveckan 10\u201316.2 med specialprogram, olika aktiviteter och utmaningar som uppmuntrar till v\u00e4nlighet och gemenskap. I \u00e5r samarbetar vi med skoln\u00e4tverket Haru f\u00f6r att n\u00e5 ut till s\u00e5 m\u00e5nga som m\u00f6jligt.\",\"breadcrumb\":{\"@id\":\"https:\\\/\\\/www.helsinkimissio.fi\\\/sv\\\/aktuellt\\\/school-to-belong-kompisvecka\\\/#breadcrumb\"},\"inLanguage\":\"sv-SE\",\"potentialAction\":[{\"@type\":\"ReadAction\",\"target\":[\"https:\\\/\\\/www.helsinkimissio.fi\\\/sv\\\/aktuellt\\\/school-to-belong-kompisvecka\\\/\"]}]},{\"@type\":\"ImageObject\",\"inLanguage\":\"sv-SE\",\"@id\":\"https:\\\/\\\/www.helsinkimissio.fi\\\/sv\\\/aktuellt\\\/school-to-belong-kompisvecka\\\/#primaryimage\",\"url\":\"https:\\\/\\\/www.helsinkimissio.fi\\\/wp-content\\\/uploads\\\/2023\\\/12\\\/School-To-Belong-Website-BG_Join-The-Cause-Hor.png\",\"contentUrl\":\"https:\\\/\\\/www.helsinkimissio.fi\\\/wp-content\\\/uploads\\\/2023\\\/12\\\/School-To-Belong-Website-BG_Join-The-Cause-Hor.png\",\"width\":1921,\"height\":1080},{\"@type\":\"BreadcrumbList\",\"@id\":\"https:\\\/\\\/www.helsinkimissio.fi\\\/sv\\\/aktuellt\\\/school-to-belong-kompisvecka\\\/#breadcrumb\",\"itemListElement\":[{\"@type\":\"ListItem\",\"position\":1,\"name\":\"Etusivu\",\"item\":\"https:\\\/\\\/www.helsinkimissio.fi\\\/sv\\\/\"},{\"@type\":\"ListItem\",\"position\":2,\"name\":\"School to Belong kompisvecka 10.2\u201316.2\"}]},{\"@type\":\"WebSite\",\"@id\":\"https:\\\/\\\/www.helsinkimissio.fi\\\/sv\\\/#website\",\"url\":\"https:\\\/\\\/www.helsinkimissio.fi\\\/sv\\\/\",\"name\":\"Yhdess\u00e4 yksin\u00e4isyys voitetaan \u2013 HelsinkiMissio\",\"description\":\"Yhdess\u00e4 yksin\u00e4isyys voitetaan.\",\"publisher\":{\"@id\":\"https:\\\/\\\/www.helsinkimissio.fi\\\/sv\\\/#organization\"},\"alternateName\":\"HelsinkiMissio\",\"potentialAction\":[{\"@type\":\"SearchAction\",\"target\":{\"@type\":\"EntryPoint\",\"urlTemplate\":\"https:\\\/\\\/www.helsinkimissio.fi\\\/sv\\\/?s={search_term_string}\"},\"query-input\":{\"@type\":\"PropertyValueSpecification\",\"valueRequired\":true,\"valueName\":\"search_term_string\"}}],\"inLanguage\":\"sv-SE\"},{\"@type\":\"Organization\",\"@id\":\"https:\\\/\\\/www.helsinkimissio.fi\\\/sv\\\/#organization\",\"name\":\"HelsinkiMissio\",\"url\":\"https:\\\/\\\/www.helsinkimissio.fi\\\/sv\\\/\",\"logo\":{\"@type\":\"ImageObject\",\"inLanguage\":\"sv-SE\",\"@id\":\"https:\\\/\\\/www.helsinkimissio.fi\\\/sv\\\/#\\\/schema\\\/logo\\\/image\\\/\",\"url\":\"https:\\\/\\\/www.helsinkimissio.fi\\\/wp-content\\\/uploads\\\/2022\\\/07\\\/cropped-Helsinkimissio_sin_logo.png\",\"contentUrl\":\"https:\\\/\\\/www.helsinkimissio.fi\\\/wp-content\\\/uploads\\\/2022\\\/07\\\/cropped-Helsinkimissio_sin_logo.png\",\"width\":512,\"height\":512,\"caption\":\"HelsinkiMissio\"},\"image\":{\"@id\":\"https:\\\/\\\/www.helsinkimissio.fi\\\/sv\\\/#\\\/schema\\\/logo\\\/image\\\/\"},\"sameAs\":[\"https:\\\/\\\/www.facebook.com\\\/HelsinkiMissio\\\/\",\"https:\\\/\\\/x.com\\\/HelsinkiMissio\",\"https:\\\/\\\/www.instagram.com\\\/helsinkimissio\\\/\",\"https:\\\/\\\/www.linkedin.com\\\/company\\\/10844786\\\/\",\"https:\\\/\\\/www.youtube.com\\\/channel\\\/UCzKk3pYABu9D-DzQAx1Yr2w\"]},{\"@type\":\"Person\",\"@id\":\"https:\\\/\\\/www.helsinkimissio.fi\\\/sv\\\/#\\\/schema\\\/person\\\/47ee4c04422ac83da894e7bd65a37484\",\"name\":\"mimosadegerth\",\"image\":{\"@type\":\"ImageObject\",\"inLanguage\":\"sv-SE\",\"@id\":\"https:\\\/\\\/secure.gravatar.com\\\/avatar\\\/2fd4391da12ee165fd97a7a0467cc7ac2d986f508a23e215a485b66815f199b5?s=96&d=mm&r=g\",\"url\":\"https:\\\/\\\/secure.gravatar.com\\\/avatar\\\/2fd4391da12ee165fd97a7a0467cc7ac2d986f508a23e215a485b66815f199b5?s=96&d=mm&r=g\",\"contentUrl\":\"https:\\\/\\\/secure.gravatar.com\\\/avatar\\\/2fd4391da12ee165fd97a7a0467cc7ac2d986f508a23e215a485b66815f199b5?s=96&d=mm&r=g\",\"caption\":\"mimosadegerth\"}}]}<\/script>\n<!-- \/ Yoast SEO plugin. -->","yoast_head_json":{"title":"School to Belong kompisvecka 10.2\u201316.2 &#8212; HelsinkiMissio","description":"P\u00e5 School to Belong ordnar vi kompisveckan 10\u201316.2 med specialprogram, olika aktiviteter och utmaningar som uppmuntrar till v\u00e4nlighet och gemenskap. I \u00e5r samarbetar vi med skoln\u00e4tverket Haru f\u00f6r att n\u00e5 ut till s\u00e5 m\u00e5nga som m\u00f6jligt.","robots":{"index":"index","follow":"follow","max-snippet":"max-snippet:-1","max-image-preview":"max-image-preview:large","max-video-preview":"max-video-preview:-1"},"canonical":"https:\/\/www.helsinkimissio.fi\/sv\/aktuellt\/school-to-belong-kompisvecka\/","og_locale":"sv_SE","og_type":"article","og_title":"School to Belong kompisvecka 10.2\u201316.2 &#8212; HelsinkiMissio","og_description":"P\u00e5 School to Belong ordnar vi kompisveckan 10\u201316.2 med specialprogram, olika aktiviteter och utmaningar som uppmuntrar till v\u00e4nlighet och gemenskap. I \u00e5r samarbetar vi med skoln\u00e4tverket Haru f\u00f6r att n\u00e5 ut till s\u00e5 m\u00e5nga som m\u00f6jligt.","og_url":"https:\/\/www.helsinkimissio.fi\/sv\/aktuellt\/school-to-belong-kompisvecka\/","og_site_name":"HelsinkiMissio","article_publisher":"https:\/\/www.facebook.com\/HelsinkiMissio\/","article_published_time":"2025-02-12T07:54:09+00:00","article_modified_time":"2025-02-12T07:56:53+00:00","og_image":[{"width":1921,"height":1080,"url":"https:\/\/www.helsinkimissio.fi\/wp-content\/uploads\/2023\/12\/School-To-Belong-Website-BG_Join-The-Cause-Hor.png","type":"image\/png"}],"author":"mimosadegerth","twitter_card":"summary_large_image","twitter_creator":"@HelsinkiMissio","twitter_site":"@HelsinkiMissio","twitter_misc":{"Skriven av":"mimosadegerth","Ber\u00e4knad l\u00e4stid":"3 minuter"},"schema":{"@context":"https:\/\/schema.org","@graph":[{"@type":"Article","@id":"https:\/\/www.helsinkimissio.fi\/sv\/aktuellt\/school-to-belong-kompisvecka\/#article","isPartOf":{"@id":"https:\/\/www.helsinkimissio.fi\/sv\/aktuellt\/school-to-belong-kompisvecka\/"},"author":{"name":"mimosadegerth","@id":"https:\/\/www.helsinkimissio.fi\/sv\/#\/schema\/person\/47ee4c04422ac83da894e7bd65a37484"},"headline":"School to Belong kompisvecka 10.2\u201316.2","datePublished":"2025-02-12T07:54:09+00:00","dateModified":"2025-02-12T07:56:53+00:00","mainEntityOfPage":{"@id":"https:\/\/www.helsinkimissio.fi\/sv\/aktuellt\/school-to-belong-kompisvecka\/"},"wordCount":146,"publisher":{"@id":"https:\/\/www.helsinkimissio.fi\/sv\/#organization"},"image":{"@id":"https:\/\/www.helsinkimissio.fi\/sv\/aktuellt\/school-to-belong-kompisvecka\/#primaryimage"},"thumbnailUrl":"https:\/\/www.helsinkimissio.fi\/wp-content\/uploads\/2023\/12\/School-To-Belong-Website-BG_Join-The-Cause-Hor.png","keywords":["School to Belong"],"articleSection":["Aktuellt"],"inLanguage":"sv-SE"},{"@type":"WebPage","@id":"https:\/\/www.helsinkimissio.fi\/sv\/aktuellt\/school-to-belong-kompisvecka\/","url":"https:\/\/www.helsinkimissio.fi\/sv\/aktuellt\/school-to-belong-kompisvecka\/","name":"School to Belong kompisvecka 10.2\u201316.2 &#8212; HelsinkiMissio","isPartOf":{"@id":"https:\/\/www.helsinkimissio.fi\/sv\/#website"},"primaryImageOfPage":{"@id":"https:\/\/www.helsinkimissio.fi\/sv\/aktuellt\/school-to-belong-kompisvecka\/#primaryimage"},"image":{"@id":"https:\/\/www.helsinkimissio.fi\/sv\/aktuellt\/school-to-belong-kompisvecka\/#primaryimage"},"thumbnailUrl":"https:\/\/www.helsinkimissio.fi\/wp-content\/uploads\/2023\/12\/School-To-Belong-Website-BG_Join-The-Cause-Hor.png","datePublished":"2025-02-12T07:54:09+00:00","dateModified":"2025-02-12T07:56:53+00:00","description":"P\u00e5 School to Belong ordnar vi kompisveckan 10\u201316.2 med specialprogram, olika aktiviteter och utmaningar som uppmuntrar till v\u00e4nlighet och gemenskap. I \u00e5r samarbetar vi med skoln\u00e4tverket Haru f\u00f6r att n\u00e5 ut till s\u00e5 m\u00e5nga som m\u00f6jligt.","breadcrumb":{"@id":"https:\/\/www.helsinkimissio.fi\/sv\/aktuellt\/school-to-belong-kompisvecka\/#breadcrumb"},"inLanguage":"sv-SE","potentialAction":[{"@type":"ReadAction","target":["https:\/\/www.helsinkimissio.fi\/sv\/aktuellt\/school-to-belong-kompisvecka\/"]}]},{"@type":"ImageObject","inLanguage":"sv-SE","@id":"https:\/\/www.helsinkimissio.fi\/sv\/aktuellt\/school-to-belong-kompisvecka\/#primaryimage","url":"https:\/\/www.helsinkimissio.fi\/wp-content\/uploads\/2023\/12\/School-To-Belong-Website-BG_Join-The-Cause-Hor.png","contentUrl":"https:\/\/www.helsinkimissio.fi\/wp-content\/uploads\/2023\/12\/School-To-Belong-Website-BG_Join-The-Cause-Hor.png","width":1921,"height":1080},{"@type":"BreadcrumbList","@id":"https:\/\/www.helsinkimissio.fi\/sv\/aktuellt\/school-to-belong-kompisvecka\/#breadcrumb","itemListElement":[{"@type":"ListItem","position":1,"name":"Etusivu","item":"https:\/\/www.helsinkimissio.fi\/sv\/"},{"@type":"ListItem","position":2,"name":"School to Belong kompisvecka 10.2\u201316.2"}]},{"@type":"WebSite","@id":"https:\/\/www.helsinkimissio.fi\/sv\/#website","url":"https:\/\/www.helsinkimissio.fi\/sv\/","name":"Yhdess\u00e4 yksin\u00e4isyys voitetaan \u2013 HelsinkiMissio","description":"Yhdess\u00e4 yksin\u00e4isyys voitetaan.","publisher":{"@id":"https:\/\/www.helsinkimissio.fi\/sv\/#organization"},"alternateName":"HelsinkiMissio","potentialAction":[{"@type":"SearchAction","target":{"@type":"EntryPoint","urlTemplate":"https:\/\/www.helsinkimissio.fi\/sv\/?s={search_term_string}"},"query-input":{"@type":"PropertyValueSpecification","valueRequired":true,"valueName":"search_term_string"}}],"inLanguage":"sv-SE"},{"@type":"Organization","@id":"https:\/\/www.helsinkimissio.fi\/sv\/#organization","name":"HelsinkiMissio","url":"https:\/\/www.helsinkimissio.fi\/sv\/","logo":{"@type":"ImageObject","inLanguage":"sv-SE","@id":"https:\/\/www.helsinkimissio.fi\/sv\/#\/schema\/logo\/image\/","url":"https:\/\/www.helsinkimissio.fi\/wp-content\/uploads\/2022\/07\/cropped-Helsinkimissio_sin_logo.png","contentUrl":"https:\/\/www.helsinkimissio.fi\/wp-content\/uploads\/2022\/07\/cropped-Helsinkimissio_sin_logo.png","width":512,"height":512,"caption":"HelsinkiMissio"},"image":{"@id":"https:\/\/www.helsinkimissio.fi\/sv\/#\/schema\/logo\/image\/"},"sameAs":["https:\/\/www.facebook.com\/HelsinkiMissio\/","https:\/\/x.com\/HelsinkiMissio","https:\/\/www.instagram.com\/helsinkimissio\/","https:\/\/www.linkedin.com\/company\/10844786\/","https:\/\/www.youtube.com\/channel\/UCzKk3pYABu9D-DzQAx1Yr2w"]},{"@type":"Person","@id":"https:\/\/www.helsinkimissio.fi\/sv\/#\/schema\/person\/47ee4c04422ac83da894e7bd65a37484","name":"mimosadegerth","image":{"@type":"ImageObject","inLanguage":"sv-SE","@id":"https:\/\/secure.gravatar.com\/avatar\/2fd4391da12ee165fd97a7a0467cc7ac2d986f508a23e215a485b66815f199b5?s=96&d=mm&r=g","url":"https:\/\/secure.gravatar.com\/avatar\/2fd4391da12ee165fd97a7a0467cc7ac2d986f508a23e215a485b66815f199b5?s=96&d=mm&r=g","contentUrl":"https:\/\/secure.gravatar.com\/avatar\/2fd4391da12ee165fd97a7a0467cc7ac2d986f508a23e215a485b66815f199b5?s=96&d=mm&r=g","caption":"mimosadegerth"}}]}},"_links":{"self":[{"href":"https:\/\/www.helsinkimissio.fi\/sv\/wp-json\/wp\/v2\/posts\/35207","targetHints":{"allow":["GET"]}}],"collection":[{"href":"https:\/\/www.helsinkimissio.fi\/sv\/wp-json\/wp\/v2\/posts"}],"about":[{"href":"https:\/\/www.helsinkimissio.fi\/sv\/wp-json\/wp\/v2\/types\/post"}],"author":[{"embeddable":true,"href":"https:\/\/www.helsinkimissio.fi\/sv\/wp-json\/wp\/v2\/users\/28"}],"replies":[{"embeddable":true,"href":"https:\/\/www.helsinkimissio.fi\/sv\/wp-json\/wp\/v2\/comments?post=35207"}],"version-history":[{"count":3,"href":"https:\/\/www.helsinkimissio.fi\/sv\/wp-json\/wp\/v2\/posts\/35207\/revisions"}],"predecessor-version":[{"id":35213,"href":"https:\/\/www.helsinkimissio.fi\/sv\/wp-json\/wp\/v2\/posts\/35207\/revisions\/35213"}],"wp:featuredmedia":[{"embeddable":true,"href":"https:\/\/www.helsinkimissio.fi\/sv\/wp-json\/wp\/v2\/media\/27017"}],"wp:attachment":[{"href":"https:\/\/www.helsinkimissio.fi\/sv\/wp-json\/wp\/v2\/media?parent=35207"}],"wp:term":[{"taxonomy":"category","embeddable":true,"href":"https:\/\/www.helsinkimissio.fi\/sv\/wp-json\/wp\/v2\/categories?post=35207"},{"taxonomy":"post_tag","embeddable":true,"href":"https:\/\/www.helsinkimissio.fi\/sv\/wp-json\/wp\/v2\/tags?post=35207"}],"curies":[{"name":"wp","href":"https:\/\/api.w.org\/{rel}","templated":true}]}}