{"id":39426,"date":"2025-11-03T15:09:00","date_gmt":"2025-11-03T13:09:00","guid":{"rendered":"https:\/\/www.helsinkimissio.fi\/?p=39426"},"modified":"2025-11-03T15:10:10","modified_gmt":"2025-11-03T13:10:10","slug":"att-fa-prata-om-doden","status":"publish","type":"post","link":"https:\/\/www.helsinkimissio.fi\/sv\/blogg\/att-fa-prata-om-doden\/","title":{"rendered":"Att f\u00e5 prata om d\u00f6den"},"content":{"rendered":"\n<section  class=\"block  block-content-wrapper container-fluid \">\n    <div class=\"container\">\n        <div class=\"row  flex-start col-12\" style=\"justify-content: flex-start; \">\n                            <div class=\"\">\n                                    <main class=\"entry-content\">\n                        \n\n<h2 class=\"wp-block-heading\"><strong>Att f\u00e5 prata om d\u00f6den<\/strong><\/h2>\n\n\n\n<figure class=\"wp-block-image size-full is-resized\"><img decoding=\"async\" width=\"2560\" height=\"1579\" src=\"https:\/\/www.helsinkimissio.fi\/wp-content\/uploads\/2024\/10\/Kadet-TIFF-6191-scaled.jpg\" alt=\"\" class=\"wp-image-33182\" style=\"width:800px;height:auto\" srcset=\"https:\/\/www.helsinkimissio.fi\/wp-content\/uploads\/2024\/10\/Kadet-TIFF-6191-scaled.jpg 2560w, https:\/\/www.helsinkimissio.fi\/wp-content\/uploads\/2024\/10\/Kadet-TIFF-6191-300x185.jpg 300w, https:\/\/www.helsinkimissio.fi\/wp-content\/uploads\/2024\/10\/Kadet-TIFF-6191-1024x632.jpg 1024w, https:\/\/www.helsinkimissio.fi\/wp-content\/uploads\/2024\/10\/Kadet-TIFF-6191-768x474.jpg 768w, https:\/\/www.helsinkimissio.fi\/wp-content\/uploads\/2024\/10\/Kadet-TIFF-6191-1536x947.jpg 1536w, https:\/\/www.helsinkimissio.fi\/wp-content\/uploads\/2024\/10\/Kadet-TIFF-6191-2048x1263.jpg 2048w, https:\/\/www.helsinkimissio.fi\/wp-content\/uploads\/2024\/10\/Kadet-TIFF-6191-1920x1184.jpg 1920w, https:\/\/www.helsinkimissio.fi\/wp-content\/uploads\/2024\/10\/Kadet-TIFF-6191-600x370.jpg 600w\" sizes=\"(max-width: 575px) 100vw, (max-width: 767px) 510px, (max-width: 991px) 290px, (max-width: 1199px) 530px, 840px\" \/><\/figure>\n\n\n\n<p class=\"is-style-lead\"><strong>N\u00e4r jag h\u00f6rde talas om&nbsp;HelsingforsMissions Seniorh\u00e5llplats visste jag genast att jag ville haka p\u00e5. Trots att jag har v\u00e4nner tyckte jag att alla tankar i mitt huvud inte riktigt rymdes med i v\u00e5rt vardagsumg\u00e4nge. De handlade ofta allvarliga funderingar, om \u00e5ldrandet och allt det inneb\u00e4r. Hur kan jag acceptera att livet l\u00e5ngsamt smalnar, att gr\u00e4nserna f\u00f6r vad jag kan g\u00f6ra blir allt sn\u00e4vare? Och hur kan jag finna ro i det, utan att klaga?<\/strong><\/p>\n\n\n\n<h2 class=\"wp-block-heading\"><strong>Samtal om livet<\/strong><\/h2>\n\n\n\n<p>Inf\u00f6r Seniorh\u00e5llplatsens grupptr\u00e4ffar fick jag en lista med femton teman, ett f\u00f6r varje tr\u00e4ff. N\u00e4stan alla v\u00e4ckte mitt intresse och nyfikenhet att h\u00f6ra andras tankar. Ensamhet, sj\u00e4lvk\u00e4nsla, gl\u00e4dje och hopp, sm\u00e4rta och sjukdom, relationer. Tankarna b\u00f6rjade snurra, och jag anm\u00e4lde mig till gruppen.<\/p>\n\n\n\n<p>Tr\u00e4ffarna ordnas b\u00e5de fysiskt och p\u00e5 n\u00e4tet. Eftersom jag har sv\u00e5rt att r\u00f6ra mig l\u00e4ngre str\u00e4ckor, passade de digitala tr\u00e4ffarna mig perfekt. Jag fick hj\u00e4lp med att komma i g\u00e5ng med tekniken, och sen satte det i g\u00e5ng!<\/p>\n\n\n\n<h2 class=\"wp-block-heading\"><strong>Att m\u00f6ta personer fr\u00e5n olika h\u00e5ll<\/strong><\/h2>\n\n\n\n<p>I gruppen fanns deltagare fr\u00e5n flera delar av Finland. Det var roligt att h\u00f6ra ett par dialekter som ekade svagt bakom orden. Vi var sex kvinnor, en man och v\u00e5r gruppledare. I b\u00f6rjan var det ovant att \u00f6ppna sig f\u00f6r helt fr\u00e4mmande m\u00e4nniskor, men v\u00e5r ledare skapade en trygg st\u00e4mning. Vi lyssnade till varandra och sakta tog dagens \u00e4mne tag i oss. Vi slutade vara blyga, b\u00f6rjade bolla temat mellan oss.<\/p>\n\n\n\n<p>N\u00e4r vi pratade om tr\u00e4ffens tema v\u00e4xte n\u00e5got nytt fram. Jag hade i f\u00f6rv\u00e4g funderat p\u00e5 vad dagens tema betydde f\u00f6r mig, och att h\u00f6ra hur de andra i gruppen s\u00e5g p\u00e5 samma sak var oerh\u00f6rt stimulerande. Ibland h\u00f6ll jag med, ibland inte, men jag kunde alltid s\u00e4ga det jag k\u00e4nde. Gruppen var en trygg plats.<\/p>\n\n\n\n<h2 class=\"wp-block-heading\"><strong>Vad v\u00e4ljer jag och vad v\u00e4ljer jag bort?<\/strong><\/h2>\n\n\n\n<p>Tr\u00e4ffarnas teman var i sista hand livet, och de fick mig att reflektera \u00f6ver hur jag lever. Vad \u00e4r viktigt f\u00f6r mig? Vad vill jag g\u00f6ra och vad v\u00e4ljer jag bort? Jag ins\u00e5g att ansvaret f\u00f6r mina val ligger hos mig. Det k\u00e4ndes b\u00e5de kr\u00e4vande, utmanande och sp\u00e4nnande p\u00e5 samma g\u00e5ng.<\/p>\n\n\n\n<p>I gruppen var ingen ensam. Vi lyssnade, delade erfarenheter och st\u00f6dde varandra. D\u00e4r uppstod v\u00e4nskaper som fortsatte \u00e4ven efter att tr\u00e4ffarna tagit slut.<\/p>\n\n\n\n<p><\/p>\n\n\n\n<div class=\"wp-block-buttons is-layout-flex wp-block-buttons-is-layout-flex\">\n<div class=\"wp-block-button\"><a class=\"wp-block-button__link has-red-background-color has-background wp-element-button\" href=\"https:\/\/www.helsinkimissio.fi\/sv\/behover-du-hjalp\/for-seniorer\/\">L\u00e4s mer om Seniorh\u00e5llplatsen<\/a><\/div>\n<\/div>\n\n\n                    <\/main>\n                    <\/div>\n                <\/div>\n        <\/div>\n<\/section>","protected":false},"excerpt":{"rendered":"","protected":false},"author":28,"featured_media":33743,"comment_status":"closed","ping_status":"open","sticky":false,"template":"","format":"standard","meta":{"_acf_changed":false,"_relevanssi_hide_post":"","_relevanssi_hide_content":"","_relevanssi_pin_for_all":"","_relevanssi_pin_keywords":"","_relevanssi_unpin_keywords":"","_relevanssi_related_keywords":"","_relevanssi_related_include_ids":"","_relevanssi_related_exclude_ids":"","_relevanssi_related_no_append":"","_relevanssi_related_not_related":"","_relevanssi_related_posts":"13737,20926,15668,36760,24913,32818","_relevanssi_noindex_reason":"","footnotes":""},"categories":[221],"tags":[],"class_list":["post-39426","post","type-post","status-publish","format-standard","has-post-thumbnail","hentry","category-blogg"],"acf":[],"yoast_head":"<!-- This site is optimized with the Yoast SEO plugin v27.4 - https:\/\/yoast.com\/product\/yoast-seo-wordpress\/ -->\n<title>Att f\u00e5 prata om d\u00f6den &#8212; HelsinkiMissio<\/title>\n<meta name=\"description\" content=\"N\u00e4r jag h\u00f6rde talas om\u00a0HelsingforsMissions Seniorh\u00e5llplats visste jag genast att jag ville haka p\u00e5. Trots att jag har v\u00e4nner tyckte jag att alla tankar i mitt huvud inte riktigt rymdes med i v\u00e5rt vardagsumg\u00e4nge.\" \/>\n<meta name=\"robots\" content=\"index, follow, max-snippet:-1, max-image-preview:large, max-video-preview:-1\" \/>\n<link rel=\"canonical\" href=\"https:\/\/www.helsinkimissio.fi\/sv\/blogg\/att-fa-prata-om-doden\/\" \/>\n<meta property=\"og:locale\" content=\"sv_SE\" \/>\n<meta property=\"og:type\" content=\"article\" \/>\n<meta property=\"og:title\" content=\"Att f\u00e5 prata om d\u00f6den &#8212; HelsinkiMissio\" \/>\n<meta property=\"og:description\" content=\"N\u00e4r jag h\u00f6rde talas om\u00a0HelsingforsMissions Seniorh\u00e5llplats visste jag genast att jag ville haka p\u00e5. Trots att jag har v\u00e4nner tyckte jag att alla tankar i mitt huvud inte riktigt rymdes med i v\u00e5rt vardagsumg\u00e4nge.\" \/>\n<meta property=\"og:url\" content=\"https:\/\/www.helsinkimissio.fi\/sv\/blogg\/att-fa-prata-om-doden\/\" \/>\n<meta property=\"og:site_name\" content=\"HelsinkiMissio\" \/>\n<meta property=\"article:publisher\" content=\"https:\/\/www.facebook.com\/HelsinkiMissio\/\" \/>\n<meta property=\"article:published_time\" content=\"2025-11-03T13:09:00+00:00\" \/>\n<meta property=\"article:modified_time\" content=\"2025-11-03T13:10:10+00:00\" \/>\n<meta property=\"og:image\" content=\"https:\/\/www.helsinkimissio.fi\/wp-content\/uploads\/2024\/12\/1920x1080-ka\u0308sikuva-1024x576.png\" \/>\n\t<meta property=\"og:image:width\" content=\"1024\" \/>\n\t<meta property=\"og:image:height\" content=\"576\" \/>\n\t<meta property=\"og:image:type\" content=\"image\/png\" \/>\n<meta name=\"author\" content=\"mimosadegerth\" \/>\n<meta name=\"twitter:card\" content=\"summary_large_image\" \/>\n<meta name=\"twitter:creator\" content=\"@HelsinkiMissio\" \/>\n<meta name=\"twitter:site\" content=\"@HelsinkiMissio\" \/>\n<meta name=\"twitter:label1\" content=\"Skriven av\" \/>\n\t<meta name=\"twitter:data1\" content=\"mimosadegerth\" \/>\n\t<meta name=\"twitter:label2\" content=\"Ber\u00e4knad l\u00e4stid\" \/>\n\t<meta name=\"twitter:data2\" content=\"6 minuter\" \/>\n<script type=\"application\/ld+json\" class=\"yoast-schema-graph\">{\"@context\":\"https:\\\/\\\/schema.org\",\"@graph\":[{\"@type\":\"Article\",\"@id\":\"https:\\\/\\\/www.helsinkimissio.fi\\\/sv\\\/blogg\\\/att-fa-prata-om-doden\\\/#article\",\"isPartOf\":{\"@id\":\"https:\\\/\\\/www.helsinkimissio.fi\\\/sv\\\/blogg\\\/att-fa-prata-om-doden\\\/\"},\"author\":{\"name\":\"mimosadegerth\",\"@id\":\"https:\\\/\\\/www.helsinkimissio.fi\\\/sv\\\/#\\\/schema\\\/person\\\/47ee4c04422ac83da894e7bd65a37484\"},\"headline\":\"Att f\u00e5 prata om d\u00f6den\",\"datePublished\":\"2025-11-03T13:09:00+00:00\",\"dateModified\":\"2025-11-03T13:10:10+00:00\",\"mainEntityOfPage\":{\"@id\":\"https:\\\/\\\/www.helsinkimissio.fi\\\/sv\\\/blogg\\\/att-fa-prata-om-doden\\\/\"},\"wordCount\":473,\"publisher\":{\"@id\":\"https:\\\/\\\/www.helsinkimissio.fi\\\/sv\\\/#organization\"},\"image\":{\"@id\":\"https:\\\/\\\/www.helsinkimissio.fi\\\/sv\\\/blogg\\\/att-fa-prata-om-doden\\\/#primaryimage\"},\"thumbnailUrl\":\"https:\\\/\\\/www.helsinkimissio.fi\\\/wp-content\\\/uploads\\\/2024\\\/12\\\/1920x1080-ka\u0308sikuva.png\",\"articleSection\":[\"Blogg\"],\"inLanguage\":\"sv-SE\"},{\"@type\":\"WebPage\",\"@id\":\"https:\\\/\\\/www.helsinkimissio.fi\\\/sv\\\/blogg\\\/att-fa-prata-om-doden\\\/\",\"url\":\"https:\\\/\\\/www.helsinkimissio.fi\\\/sv\\\/blogg\\\/att-fa-prata-om-doden\\\/\",\"name\":\"Att f\u00e5 prata om d\u00f6den &#8212; HelsinkiMissio\",\"isPartOf\":{\"@id\":\"https:\\\/\\\/www.helsinkimissio.fi\\\/sv\\\/#website\"},\"primaryImageOfPage\":{\"@id\":\"https:\\\/\\\/www.helsinkimissio.fi\\\/sv\\\/blogg\\\/att-fa-prata-om-doden\\\/#primaryimage\"},\"image\":{\"@id\":\"https:\\\/\\\/www.helsinkimissio.fi\\\/sv\\\/blogg\\\/att-fa-prata-om-doden\\\/#primaryimage\"},\"thumbnailUrl\":\"https:\\\/\\\/www.helsinkimissio.fi\\\/wp-content\\\/uploads\\\/2024\\\/12\\\/1920x1080-ka\u0308sikuva.png\",\"datePublished\":\"2025-11-03T13:09:00+00:00\",\"dateModified\":\"2025-11-03T13:10:10+00:00\",\"description\":\"N\u00e4r jag h\u00f6rde talas om\u00a0HelsingforsMissions Seniorh\u00e5llplats visste jag genast att jag ville haka p\u00e5. Trots att jag har v\u00e4nner tyckte jag att alla tankar i mitt huvud inte riktigt rymdes med i v\u00e5rt vardagsumg\u00e4nge.\",\"breadcrumb\":{\"@id\":\"https:\\\/\\\/www.helsinkimissio.fi\\\/sv\\\/blogg\\\/att-fa-prata-om-doden\\\/#breadcrumb\"},\"inLanguage\":\"sv-SE\",\"potentialAction\":[{\"@type\":\"ReadAction\",\"target\":[\"https:\\\/\\\/www.helsinkimissio.fi\\\/sv\\\/blogg\\\/att-fa-prata-om-doden\\\/\"]}]},{\"@type\":\"ImageObject\",\"inLanguage\":\"sv-SE\",\"@id\":\"https:\\\/\\\/www.helsinkimissio.fi\\\/sv\\\/blogg\\\/att-fa-prata-om-doden\\\/#primaryimage\",\"url\":\"https:\\\/\\\/www.helsinkimissio.fi\\\/wp-content\\\/uploads\\\/2024\\\/12\\\/1920x1080-ka\u0308sikuva.png\",\"contentUrl\":\"https:\\\/\\\/www.helsinkimissio.fi\\\/wp-content\\\/uploads\\\/2024\\\/12\\\/1920x1080-ka\u0308sikuva.png\",\"width\":1920,\"height\":1080},{\"@type\":\"BreadcrumbList\",\"@id\":\"https:\\\/\\\/www.helsinkimissio.fi\\\/sv\\\/blogg\\\/att-fa-prata-om-doden\\\/#breadcrumb\",\"itemListElement\":[{\"@type\":\"ListItem\",\"position\":1,\"name\":\"Etusivu\",\"item\":\"https:\\\/\\\/www.helsinkimissio.fi\\\/sv\\\/\"},{\"@type\":\"ListItem\",\"position\":2,\"name\":\"Att f\u00e5 prata om d\u00f6den\"}]},{\"@type\":\"WebSite\",\"@id\":\"https:\\\/\\\/www.helsinkimissio.fi\\\/sv\\\/#website\",\"url\":\"https:\\\/\\\/www.helsinkimissio.fi\\\/sv\\\/\",\"name\":\"Yhdess\u00e4 yksin\u00e4isyys voitetaan \u2013 HelsinkiMissio\",\"description\":\"Yhdess\u00e4 yksin\u00e4isyys voitetaan.\",\"publisher\":{\"@id\":\"https:\\\/\\\/www.helsinkimissio.fi\\\/sv\\\/#organization\"},\"alternateName\":\"HelsinkiMissio\",\"potentialAction\":[{\"@type\":\"SearchAction\",\"target\":{\"@type\":\"EntryPoint\",\"urlTemplate\":\"https:\\\/\\\/www.helsinkimissio.fi\\\/sv\\\/?s={search_term_string}\"},\"query-input\":{\"@type\":\"PropertyValueSpecification\",\"valueRequired\":true,\"valueName\":\"search_term_string\"}}],\"inLanguage\":\"sv-SE\"},{\"@type\":\"Organization\",\"@id\":\"https:\\\/\\\/www.helsinkimissio.fi\\\/sv\\\/#organization\",\"name\":\"HelsinkiMissio\",\"url\":\"https:\\\/\\\/www.helsinkimissio.fi\\\/sv\\\/\",\"logo\":{\"@type\":\"ImageObject\",\"inLanguage\":\"sv-SE\",\"@id\":\"https:\\\/\\\/www.helsinkimissio.fi\\\/sv\\\/#\\\/schema\\\/logo\\\/image\\\/\",\"url\":\"https:\\\/\\\/www.helsinkimissio.fi\\\/wp-content\\\/uploads\\\/2022\\\/07\\\/cropped-Helsinkimissio_sin_logo.png\",\"contentUrl\":\"https:\\\/\\\/www.helsinkimissio.fi\\\/wp-content\\\/uploads\\\/2022\\\/07\\\/cropped-Helsinkimissio_sin_logo.png\",\"width\":512,\"height\":512,\"caption\":\"HelsinkiMissio\"},\"image\":{\"@id\":\"https:\\\/\\\/www.helsinkimissio.fi\\\/sv\\\/#\\\/schema\\\/logo\\\/image\\\/\"},\"sameAs\":[\"https:\\\/\\\/www.facebook.com\\\/HelsinkiMissio\\\/\",\"https:\\\/\\\/x.com\\\/HelsinkiMissio\",\"https:\\\/\\\/www.instagram.com\\\/helsinkimissio\\\/\",\"https:\\\/\\\/www.linkedin.com\\\/company\\\/10844786\\\/\",\"https:\\\/\\\/www.youtube.com\\\/channel\\\/UCzKk3pYABu9D-DzQAx1Yr2w\"]},{\"@type\":\"Person\",\"@id\":\"https:\\\/\\\/www.helsinkimissio.fi\\\/sv\\\/#\\\/schema\\\/person\\\/47ee4c04422ac83da894e7bd65a37484\",\"name\":\"mimosadegerth\",\"image\":{\"@type\":\"ImageObject\",\"inLanguage\":\"sv-SE\",\"@id\":\"https:\\\/\\\/secure.gravatar.com\\\/avatar\\\/2fd4391da12ee165fd97a7a0467cc7ac2d986f508a23e215a485b66815f199b5?s=96&d=mm&r=g\",\"url\":\"https:\\\/\\\/secure.gravatar.com\\\/avatar\\\/2fd4391da12ee165fd97a7a0467cc7ac2d986f508a23e215a485b66815f199b5?s=96&d=mm&r=g\",\"contentUrl\":\"https:\\\/\\\/secure.gravatar.com\\\/avatar\\\/2fd4391da12ee165fd97a7a0467cc7ac2d986f508a23e215a485b66815f199b5?s=96&d=mm&r=g\",\"caption\":\"mimosadegerth\"}}]}<\/script>\n<!-- \/ Yoast SEO plugin. -->","yoast_head_json":{"title":"Att f\u00e5 prata om d\u00f6den &#8212; HelsinkiMissio","description":"N\u00e4r jag h\u00f6rde talas om\u00a0HelsingforsMissions Seniorh\u00e5llplats visste jag genast att jag ville haka p\u00e5. Trots att jag har v\u00e4nner tyckte jag att alla tankar i mitt huvud inte riktigt rymdes med i v\u00e5rt vardagsumg\u00e4nge.","robots":{"index":"index","follow":"follow","max-snippet":"max-snippet:-1","max-image-preview":"max-image-preview:large","max-video-preview":"max-video-preview:-1"},"canonical":"https:\/\/www.helsinkimissio.fi\/sv\/blogg\/att-fa-prata-om-doden\/","og_locale":"sv_SE","og_type":"article","og_title":"Att f\u00e5 prata om d\u00f6den &#8212; HelsinkiMissio","og_description":"N\u00e4r jag h\u00f6rde talas om\u00a0HelsingforsMissions Seniorh\u00e5llplats visste jag genast att jag ville haka p\u00e5. Trots att jag har v\u00e4nner tyckte jag att alla tankar i mitt huvud inte riktigt rymdes med i v\u00e5rt vardagsumg\u00e4nge.","og_url":"https:\/\/www.helsinkimissio.fi\/sv\/blogg\/att-fa-prata-om-doden\/","og_site_name":"HelsinkiMissio","article_publisher":"https:\/\/www.facebook.com\/HelsinkiMissio\/","article_published_time":"2025-11-03T13:09:00+00:00","article_modified_time":"2025-11-03T13:10:10+00:00","og_image":[{"width":1024,"height":576,"url":"https:\/\/www.helsinkimissio.fi\/wp-content\/uploads\/2024\/12\/1920x1080-ka\u0308sikuva-1024x576.png","type":"image\/png"}],"author":"mimosadegerth","twitter_card":"summary_large_image","twitter_creator":"@HelsinkiMissio","twitter_site":"@HelsinkiMissio","twitter_misc":{"Skriven av":"mimosadegerth","Ber\u00e4knad l\u00e4stid":"6 minuter"},"schema":{"@context":"https:\/\/schema.org","@graph":[{"@type":"Article","@id":"https:\/\/www.helsinkimissio.fi\/sv\/blogg\/att-fa-prata-om-doden\/#article","isPartOf":{"@id":"https:\/\/www.helsinkimissio.fi\/sv\/blogg\/att-fa-prata-om-doden\/"},"author":{"name":"mimosadegerth","@id":"https:\/\/www.helsinkimissio.fi\/sv\/#\/schema\/person\/47ee4c04422ac83da894e7bd65a37484"},"headline":"Att f\u00e5 prata om d\u00f6den","datePublished":"2025-11-03T13:09:00+00:00","dateModified":"2025-11-03T13:10:10+00:00","mainEntityOfPage":{"@id":"https:\/\/www.helsinkimissio.fi\/sv\/blogg\/att-fa-prata-om-doden\/"},"wordCount":473,"publisher":{"@id":"https:\/\/www.helsinkimissio.fi\/sv\/#organization"},"image":{"@id":"https:\/\/www.helsinkimissio.fi\/sv\/blogg\/att-fa-prata-om-doden\/#primaryimage"},"thumbnailUrl":"https:\/\/www.helsinkimissio.fi\/wp-content\/uploads\/2024\/12\/1920x1080-ka\u0308sikuva.png","articleSection":["Blogg"],"inLanguage":"sv-SE"},{"@type":"WebPage","@id":"https:\/\/www.helsinkimissio.fi\/sv\/blogg\/att-fa-prata-om-doden\/","url":"https:\/\/www.helsinkimissio.fi\/sv\/blogg\/att-fa-prata-om-doden\/","name":"Att f\u00e5 prata om d\u00f6den &#8212; HelsinkiMissio","isPartOf":{"@id":"https:\/\/www.helsinkimissio.fi\/sv\/#website"},"primaryImageOfPage":{"@id":"https:\/\/www.helsinkimissio.fi\/sv\/blogg\/att-fa-prata-om-doden\/#primaryimage"},"image":{"@id":"https:\/\/www.helsinkimissio.fi\/sv\/blogg\/att-fa-prata-om-doden\/#primaryimage"},"thumbnailUrl":"https:\/\/www.helsinkimissio.fi\/wp-content\/uploads\/2024\/12\/1920x1080-ka\u0308sikuva.png","datePublished":"2025-11-03T13:09:00+00:00","dateModified":"2025-11-03T13:10:10+00:00","description":"N\u00e4r jag h\u00f6rde talas om\u00a0HelsingforsMissions Seniorh\u00e5llplats visste jag genast att jag ville haka p\u00e5. Trots att jag har v\u00e4nner tyckte jag att alla tankar i mitt huvud inte riktigt rymdes med i v\u00e5rt vardagsumg\u00e4nge.","breadcrumb":{"@id":"https:\/\/www.helsinkimissio.fi\/sv\/blogg\/att-fa-prata-om-doden\/#breadcrumb"},"inLanguage":"sv-SE","potentialAction":[{"@type":"ReadAction","target":["https:\/\/www.helsinkimissio.fi\/sv\/blogg\/att-fa-prata-om-doden\/"]}]},{"@type":"ImageObject","inLanguage":"sv-SE","@id":"https:\/\/www.helsinkimissio.fi\/sv\/blogg\/att-fa-prata-om-doden\/#primaryimage","url":"https:\/\/www.helsinkimissio.fi\/wp-content\/uploads\/2024\/12\/1920x1080-ka\u0308sikuva.png","contentUrl":"https:\/\/www.helsinkimissio.fi\/wp-content\/uploads\/2024\/12\/1920x1080-ka\u0308sikuva.png","width":1920,"height":1080},{"@type":"BreadcrumbList","@id":"https:\/\/www.helsinkimissio.fi\/sv\/blogg\/att-fa-prata-om-doden\/#breadcrumb","itemListElement":[{"@type":"ListItem","position":1,"name":"Etusivu","item":"https:\/\/www.helsinkimissio.fi\/sv\/"},{"@type":"ListItem","position":2,"name":"Att f\u00e5 prata om d\u00f6den"}]},{"@type":"WebSite","@id":"https:\/\/www.helsinkimissio.fi\/sv\/#website","url":"https:\/\/www.helsinkimissio.fi\/sv\/","name":"Yhdess\u00e4 yksin\u00e4isyys voitetaan \u2013 HelsinkiMissio","description":"Yhdess\u00e4 yksin\u00e4isyys voitetaan.","publisher":{"@id":"https:\/\/www.helsinkimissio.fi\/sv\/#organization"},"alternateName":"HelsinkiMissio","potentialAction":[{"@type":"SearchAction","target":{"@type":"EntryPoint","urlTemplate":"https:\/\/www.helsinkimissio.fi\/sv\/?s={search_term_string}"},"query-input":{"@type":"PropertyValueSpecification","valueRequired":true,"valueName":"search_term_string"}}],"inLanguage":"sv-SE"},{"@type":"Organization","@id":"https:\/\/www.helsinkimissio.fi\/sv\/#organization","name":"HelsinkiMissio","url":"https:\/\/www.helsinkimissio.fi\/sv\/","logo":{"@type":"ImageObject","inLanguage":"sv-SE","@id":"https:\/\/www.helsinkimissio.fi\/sv\/#\/schema\/logo\/image\/","url":"https:\/\/www.helsinkimissio.fi\/wp-content\/uploads\/2022\/07\/cropped-Helsinkimissio_sin_logo.png","contentUrl":"https:\/\/www.helsinkimissio.fi\/wp-content\/uploads\/2022\/07\/cropped-Helsinkimissio_sin_logo.png","width":512,"height":512,"caption":"HelsinkiMissio"},"image":{"@id":"https:\/\/www.helsinkimissio.fi\/sv\/#\/schema\/logo\/image\/"},"sameAs":["https:\/\/www.facebook.com\/HelsinkiMissio\/","https:\/\/x.com\/HelsinkiMissio","https:\/\/www.instagram.com\/helsinkimissio\/","https:\/\/www.linkedin.com\/company\/10844786\/","https:\/\/www.youtube.com\/channel\/UCzKk3pYABu9D-DzQAx1Yr2w"]},{"@type":"Person","@id":"https:\/\/www.helsinkimissio.fi\/sv\/#\/schema\/person\/47ee4c04422ac83da894e7bd65a37484","name":"mimosadegerth","image":{"@type":"ImageObject","inLanguage":"sv-SE","@id":"https:\/\/secure.gravatar.com\/avatar\/2fd4391da12ee165fd97a7a0467cc7ac2d986f508a23e215a485b66815f199b5?s=96&d=mm&r=g","url":"https:\/\/secure.gravatar.com\/avatar\/2fd4391da12ee165fd97a7a0467cc7ac2d986f508a23e215a485b66815f199b5?s=96&d=mm&r=g","contentUrl":"https:\/\/secure.gravatar.com\/avatar\/2fd4391da12ee165fd97a7a0467cc7ac2d986f508a23e215a485b66815f199b5?s=96&d=mm&r=g","caption":"mimosadegerth"}}]}},"_links":{"self":[{"href":"https:\/\/www.helsinkimissio.fi\/sv\/wp-json\/wp\/v2\/posts\/39426","targetHints":{"allow":["GET"]}}],"collection":[{"href":"https:\/\/www.helsinkimissio.fi\/sv\/wp-json\/wp\/v2\/posts"}],"about":[{"href":"https:\/\/www.helsinkimissio.fi\/sv\/wp-json\/wp\/v2\/types\/post"}],"author":[{"embeddable":true,"href":"https:\/\/www.helsinkimissio.fi\/sv\/wp-json\/wp\/v2\/users\/28"}],"replies":[{"embeddable":true,"href":"https:\/\/www.helsinkimissio.fi\/sv\/wp-json\/wp\/v2\/comments?post=39426"}],"version-history":[{"count":3,"href":"https:\/\/www.helsinkimissio.fi\/sv\/wp-json\/wp\/v2\/posts\/39426\/revisions"}],"predecessor-version":[{"id":39514,"href":"https:\/\/www.helsinkimissio.fi\/sv\/wp-json\/wp\/v2\/posts\/39426\/revisions\/39514"}],"wp:featuredmedia":[{"embeddable":true,"href":"https:\/\/www.helsinkimissio.fi\/sv\/wp-json\/wp\/v2\/media\/33743"}],"wp:attachment":[{"href":"https:\/\/www.helsinkimissio.fi\/sv\/wp-json\/wp\/v2\/media?parent=39426"}],"wp:term":[{"taxonomy":"category","embeddable":true,"href":"https:\/\/www.helsinkimissio.fi\/sv\/wp-json\/wp\/v2\/categories?post=39426"},{"taxonomy":"post_tag","embeddable":true,"href":"https:\/\/www.helsinkimissio.fi\/sv\/wp-json\/wp\/v2\/tags?post=39426"}],"curies":[{"name":"wp","href":"https:\/\/api.w.org\/{rel}","templated":true}]}}